{"id":672,"date":"2016-11-07T07:18:56","date_gmt":"2016-11-07T07:18:56","guid":{"rendered":"http:\/\/josequintanilla.com\/?p=672"},"modified":"2016-11-07T07:25:42","modified_gmt":"2016-11-07T07:25:42","slug":"672","status":"publish","type":"post","link":"https:\/\/josequintanilla.com\/?p=672","title":{"rendered":"\u00abMa maison, mon arbre\u00bb en Paris"},"content":{"rendered":"<p>Del 9 al 30 de noviembre estar\u00e1 abierta la exposici\u00f3n \u00abMa maison, mon arbre\u00bb en el Colegio de Espa\u00f1a de Paris. Coincidiendo con la feria internacional ParisPhoto, la capital francesa celebra el mes de la fotograf\u00eda con un buen n\u00famero\u00a0de exposiciones y cert\u00e1menes sobre esta disciplina. El Colegio de Espa\u00f1a se suma a estas iniciativas apoyando la presencia cultural espa\u00f1ola en Paris.<\/p>\n","protected":false},"excerpt":{"rendered":"<p>Del 9 al 30 de noviembre estar\u00e1 abierta la exposici\u00f3n \u00abMa maison, mon arbre\u00bb en el Colegio de Espa\u00f1a de Paris. Coincidiendo con la feria internacional ParisPhoto, la capital francesa celebra el mes de la fotograf\u00eda con un buen n\u00famero\u00a0de exposiciones y cert\u00e1menes sobre esta disciplina. El Colegio de Espa\u00f1a se suma a estas iniciativas [&hellip;]<\/p>\n","protected":false},"author":1,"featured_media":676,"comment_status":"closed","ping_status":"open","sticky":false,"template":"","format":"standard","meta":{"footnotes":""},"categories":[4,8,13],"tags":[],"class_list":["post-672","post","type-post","status-publish","format-standard","has-post-thumbnail","hentry","category-exposiciones","category-fotografos","category-noticias"],"aioseo_notices":[],"_links":{"self":[{"href":"https:\/\/josequintanilla.com\/index.php?rest_route=\/wp\/v2\/posts\/672","targetHints":{"allow":["GET"]}}],"collection":[{"href":"https:\/\/josequintanilla.com\/index.php?rest_route=\/wp\/v2\/posts"}],"about":[{"href":"https:\/\/josequintanilla.com\/index.php?rest_route=\/wp\/v2\/types\/post"}],"author":[{"embeddable":true,"href":"https:\/\/josequintanilla.com\/index.php?rest_route=\/wp\/v2\/users\/1"}],"replies":[{"embeddable":true,"href":"https:\/\/josequintanilla.com\/index.php?rest_route=%2Fwp%2Fv2%2Fcomments&post=672"}],"version-history":[{"count":2,"href":"https:\/\/josequintanilla.com\/index.php?rest_route=\/wp\/v2\/posts\/672\/revisions"}],"predecessor-version":[{"id":675,"href":"https:\/\/josequintanilla.com\/index.php?rest_route=\/wp\/v2\/posts\/672\/revisions\/675"}],"wp:featuredmedia":[{"embeddable":true,"href":"https:\/\/josequintanilla.com\/index.php?rest_route=\/wp\/v2\/media\/676"}],"wp:attachment":[{"href":"https:\/\/josequintanilla.com\/index.php?rest_route=%2Fwp%2Fv2%2Fmedia&parent=672"}],"wp:term":[{"taxonomy":"category","embeddable":true,"href":"https:\/\/josequintanilla.com\/index.php?rest_route=%2Fwp%2Fv2%2Fcategories&post=672"},{"taxonomy":"post_tag","embeddable":true,"href":"https:\/\/josequintanilla.com\/index.php?rest_route=%2Fwp%2Fv2%2Ftags&post=672"}],"curies":[{"name":"wp","href":"https:\/\/api.w.org\/{rel}","templated":true}]}}