{"id":802,"date":"2018-02-04T10:12:44","date_gmt":"2018-02-04T10:12:44","guid":{"rendered":"http:\/\/josequintanilla.com\/?p=802"},"modified":"2018-02-04T10:14:32","modified_gmt":"2018-02-04T10:14:32","slug":"la-aventura-del-saber-tve-2","status":"publish","type":"post","link":"https:\/\/josequintanilla.com\/?p=802","title":{"rendered":"Boek Visual en La aventura del saber de TVE 2"},"content":{"rendered":"<p>El programa matinal de la 2 de TVE, La aventura del saber, emiti\u00f3 el viernes 25 de enero de 2018, dentro de su secci\u00f3n Boek Visual, una selecci\u00f3n de la obra de Jos\u00e9 Quintanilla y que pod\u00e9is ver en este <a href=\"http:\/\/www.rtve.es\/alacarta\/videos\/la-aventura-del-saber\/aventuraboek\/4439171\/\" target=\"_blank\" rel=\"noopener\">enlace<\/a>. Adem\u00e1s, Boek Visual cuenta con una p\u00e1gina web donde recoge artistas espa\u00f1oles que trabajan la imagen con un acercamiento po\u00e9tico y que pod\u00e9is ver en este <a href=\"http:\/\/www.boekvisual.com\/jose-quintanilla\" target=\"_blank\" rel=\"noopener\">enlace<\/a>.<\/p>\n","protected":false},"excerpt":{"rendered":"<p>El programa matinal de la 2 de TVE, La aventura del saber, emiti\u00f3 el viernes 25 de enero de 2018, dentro de su secci\u00f3n Boek Visual, una selecci\u00f3n de la obra de Jos\u00e9 Quintanilla y que pod\u00e9is ver en este enlace. Adem\u00e1s, Boek Visual cuenta con una p\u00e1gina web donde recoge artistas espa\u00f1oles que trabajan [&hellip;]<\/p>\n","protected":false},"author":1,"featured_media":805,"comment_status":"closed","ping_status":"open","sticky":false,"template":"","format":"standard","meta":{"footnotes":""},"categories":[13,5],"tags":[],"class_list":["post-802","post","type-post","status-publish","format-standard","has-post-thumbnail","hentry","category-noticias","category-publicaciones"],"aioseo_notices":[],"_links":{"self":[{"href":"https:\/\/josequintanilla.com\/index.php?rest_route=\/wp\/v2\/posts\/802","targetHints":{"allow":["GET"]}}],"collection":[{"href":"https:\/\/josequintanilla.com\/index.php?rest_route=\/wp\/v2\/posts"}],"about":[{"href":"https:\/\/josequintanilla.com\/index.php?rest_route=\/wp\/v2\/types\/post"}],"author":[{"embeddable":true,"href":"https:\/\/josequintanilla.com\/index.php?rest_route=\/wp\/v2\/users\/1"}],"replies":[{"embeddable":true,"href":"https:\/\/josequintanilla.com\/index.php?rest_route=%2Fwp%2Fv2%2Fcomments&post=802"}],"version-history":[{"count":2,"href":"https:\/\/josequintanilla.com\/index.php?rest_route=\/wp\/v2\/posts\/802\/revisions"}],"predecessor-version":[{"id":804,"href":"https:\/\/josequintanilla.com\/index.php?rest_route=\/wp\/v2\/posts\/802\/revisions\/804"}],"wp:featuredmedia":[{"embeddable":true,"href":"https:\/\/josequintanilla.com\/index.php?rest_route=\/wp\/v2\/media\/805"}],"wp:attachment":[{"href":"https:\/\/josequintanilla.com\/index.php?rest_route=%2Fwp%2Fv2%2Fmedia&parent=802"}],"wp:term":[{"taxonomy":"category","embeddable":true,"href":"https:\/\/josequintanilla.com\/index.php?rest_route=%2Fwp%2Fv2%2Fcategories&post=802"},{"taxonomy":"post_tag","embeddable":true,"href":"https:\/\/josequintanilla.com\/index.php?rest_route=%2Fwp%2Fv2%2Ftags&post=802"}],"curies":[{"name":"wp","href":"https:\/\/api.w.org\/{rel}","templated":true}]}}