{"id":844,"date":"2018-05-30T06:11:13","date_gmt":"2018-05-30T06:11:13","guid":{"rendered":"http:\/\/josequintanilla.com\/?p=844"},"modified":"2018-05-30T06:15:45","modified_gmt":"2018-05-30T06:15:45","slug":"festival-bfoto-2018","status":"publish","type":"post","link":"https:\/\/josequintanilla.com\/?p=844","title":{"rendered":"Festival BFOTO 2018"},"content":{"rendered":"<p>Jose Quintanilla participa en el festival de fotograf\u00eda BFOTO 18 que tendr\u00e1 lugar durante el mes de junio en Barbastro, Huesca. La exposici\u00f3n \u00abEntre ra\u00edces y ausencias\u00bb podr\u00e1 verse en la sala de la Fundaci\u00f3n Ram\u00f3n J. Sender en la UNED de Barbastro. La muestra recoge una parte del \u00faltimo trabajo del autor. M\u00e1s informaci\u00f3n en este <a href=\"http:\/\/www.bfoto.org\/trabajos\/jose-quintanilla\/\" target=\"_blank\" rel=\"noopener\">enlace<\/a>.<\/p>\n","protected":false},"excerpt":{"rendered":"<p>Jose Quintanilla participa en el festival de fotograf\u00eda BFOTO 18 que tendr\u00e1 lugar durante el mes de junio en Barbastro, Huesca. La exposici\u00f3n \u00abEntre ra\u00edces y ausencias\u00bb podr\u00e1 verse en la sala de la Fundaci\u00f3n Ram\u00f3n J. Sender en la UNED de Barbastro. La muestra recoge una parte del \u00faltimo trabajo del autor. M\u00e1s informaci\u00f3n [&hellip;]<\/p>\n","protected":false},"author":1,"featured_media":846,"comment_status":"closed","ping_status":"open","sticky":false,"template":"","format":"standard","meta":{"footnotes":""},"categories":[1],"tags":[],"class_list":["post-844","post","type-post","status-publish","format-standard","has-post-thumbnail","hentry","category-sin-categoria"],"aioseo_notices":[],"_links":{"self":[{"href":"https:\/\/josequintanilla.com\/index.php?rest_route=\/wp\/v2\/posts\/844","targetHints":{"allow":["GET"]}}],"collection":[{"href":"https:\/\/josequintanilla.com\/index.php?rest_route=\/wp\/v2\/posts"}],"about":[{"href":"https:\/\/josequintanilla.com\/index.php?rest_route=\/wp\/v2\/types\/post"}],"author":[{"embeddable":true,"href":"https:\/\/josequintanilla.com\/index.php?rest_route=\/wp\/v2\/users\/1"}],"replies":[{"embeddable":true,"href":"https:\/\/josequintanilla.com\/index.php?rest_route=%2Fwp%2Fv2%2Fcomments&post=844"}],"version-history":[{"count":2,"href":"https:\/\/josequintanilla.com\/index.php?rest_route=\/wp\/v2\/posts\/844\/revisions"}],"predecessor-version":[{"id":848,"href":"https:\/\/josequintanilla.com\/index.php?rest_route=\/wp\/v2\/posts\/844\/revisions\/848"}],"wp:featuredmedia":[{"embeddable":true,"href":"https:\/\/josequintanilla.com\/index.php?rest_route=\/wp\/v2\/media\/846"}],"wp:attachment":[{"href":"https:\/\/josequintanilla.com\/index.php?rest_route=%2Fwp%2Fv2%2Fmedia&parent=844"}],"wp:term":[{"taxonomy":"category","embeddable":true,"href":"https:\/\/josequintanilla.com\/index.php?rest_route=%2Fwp%2Fv2%2Fcategories&post=844"},{"taxonomy":"post_tag","embeddable":true,"href":"https:\/\/josequintanilla.com\/index.php?rest_route=%2Fwp%2Fv2%2Ftags&post=844"}],"curies":[{"name":"wp","href":"https:\/\/api.w.org\/{rel}","templated":true}]}}