{"id":870,"date":"2018-12-29T08:40:49","date_gmt":"2018-12-29T08:40:49","guid":{"rendered":"http:\/\/josequintanilla.com\/?p=870"},"modified":"2018-12-29T08:41:43","modified_gmt":"2018-12-29T08:41:43","slug":"hilo-conductor-en-la-galeria-espacio-primavera-9-de-madrid","status":"publish","type":"post","link":"https:\/\/josequintanilla.com\/?p=870","title":{"rendered":"\u00abHilo conductor\u00bb en la galer\u00eda Espacio Primavera 9 de Madrid"},"content":{"rendered":"<p>Del 20 de diciembre al 20 de enero el Grupo RARO, escultura y fotograf\u00eda, expone en la madrile\u00f1a sala Espacio Primavera 9. Una propuesta ecl\u00e9ctica de estilos y formatos representada por sus componentes\u00a0Diego Canogar, Czili, David Gonz\u00e1lez Grande, Olopo Kram, Zvonimir Kremenic, Jos\u00e9 Quintanilla, Ra\u00fal Romanillos, Jos\u00e9 Luis Romero, Ubaldo Sedano, y el artista invitado en esta ocasi\u00f3n, el escultor Pablo Redondo=Odnoder.<\/p>\n","protected":false},"excerpt":{"rendered":"<p>Del 20 de diciembre al 20 de enero el Grupo RARO, escultura y fotograf\u00eda, expone en la madrile\u00f1a sala Espacio Primavera 9. Una propuesta ecl\u00e9ctica de estilos y formatos representada por sus componentes\u00a0Diego Canogar, Czili, David Gonz\u00e1lez Grande, Olopo Kram, Zvonimir Kremenic, Jos\u00e9 Quintanilla, Ra\u00fal Romanillos, Jos\u00e9 Luis Romero, Ubaldo Sedano, y el artista invitado [&hellip;]<\/p>\n","protected":false},"author":1,"featured_media":872,"comment_status":"closed","ping_status":"open","sticky":false,"template":"","format":"standard","meta":{"footnotes":""},"categories":[4,13,1],"tags":[],"class_list":["post-870","post","type-post","status-publish","format-standard","has-post-thumbnail","hentry","category-exposiciones","category-noticias","category-sin-categoria"],"aioseo_notices":[],"_links":{"self":[{"href":"https:\/\/josequintanilla.com\/index.php?rest_route=\/wp\/v2\/posts\/870","targetHints":{"allow":["GET"]}}],"collection":[{"href":"https:\/\/josequintanilla.com\/index.php?rest_route=\/wp\/v2\/posts"}],"about":[{"href":"https:\/\/josequintanilla.com\/index.php?rest_route=\/wp\/v2\/types\/post"}],"author":[{"embeddable":true,"href":"https:\/\/josequintanilla.com\/index.php?rest_route=\/wp\/v2\/users\/1"}],"replies":[{"embeddable":true,"href":"https:\/\/josequintanilla.com\/index.php?rest_route=%2Fwp%2Fv2%2Fcomments&post=870"}],"version-history":[{"count":2,"href":"https:\/\/josequintanilla.com\/index.php?rest_route=\/wp\/v2\/posts\/870\/revisions"}],"predecessor-version":[{"id":1313,"href":"https:\/\/josequintanilla.com\/index.php?rest_route=\/wp\/v2\/posts\/870\/revisions\/1313"}],"wp:featuredmedia":[{"embeddable":true,"href":"https:\/\/josequintanilla.com\/index.php?rest_route=\/wp\/v2\/media\/872"}],"wp:attachment":[{"href":"https:\/\/josequintanilla.com\/index.php?rest_route=%2Fwp%2Fv2%2Fmedia&parent=870"}],"wp:term":[{"taxonomy":"category","embeddable":true,"href":"https:\/\/josequintanilla.com\/index.php?rest_route=%2Fwp%2Fv2%2Fcategories&post=870"},{"taxonomy":"post_tag","embeddable":true,"href":"https:\/\/josequintanilla.com\/index.php?rest_route=%2Fwp%2Fv2%2Ftags&post=870"}],"curies":[{"name":"wp","href":"https:\/\/api.w.org\/{rel}","templated":true}]}}